{"id":1422,"date":"2025-07-22T19:07:30","date_gmt":"2025-07-22T19:07:30","guid":{"rendered":"https:\/\/420collectivemadrid.com\/?p=1422"},"modified":"2025-07-22T19:07:33","modified_gmt":"2025-07-22T19:07:33","slug":"descriminalizacion-del-cannabis-una-transformacion-real-en-la-politica-de-drogas","status":"publish","type":"post","link":"https:\/\/420collectivemadrid.com\/es\/descriminalizacion-del-cannabis-una-transformacion-real-en-la-politica-de-drogas\/","title":{"rendered":"Descriminalizaci\u00f3n del cannabis: \u00bfuna transformaci\u00f3n real en la pol\u00edtica de drogas?"},"content":{"rendered":"<p><strong>Introducci\u00f3n: un debate m\u00e1s all\u00e1 del consumo<\/strong><\/p>\n\n\n\n<p>Hablar de cannabis ya no es s\u00f3lo hablar de una planta o de su consumo recreativo o terap\u00e9utico. Hoy, el debate en torno a su descriminalizaci\u00f3n abre una puerta mucho m\u00e1s profunda: la necesidad urgente de repensar la pol\u00edtica de drogas a nivel global. En este contexto, la descriminalizaci\u00f3n se presenta como una herramienta potencial de cambio social, pero \u00bfrealmente transforma la realidad de las comunidades m\u00e1s afectadas por la guerra contra las drogas?<\/p>\n\n\n\n<p><strong>\u00bfQu\u00e9 significa descriminalizar el cannabis?<\/strong><\/p>\n\n\n\n<p>Descriminalizar no es lo mismo que legalizar. Mientras la legalizaci\u00f3n implica la regulaci\u00f3n total del cultivo, distribuci\u00f3n y venta, la descriminalizaci\u00f3n elimina o reduce las sanciones penales por el uso o posesi\u00f3n personal. En muchos pa\u00edses, este cambio busca disminuir el encarcelamiento masivo por delitos menores relacionados con drogas, especialmente en poblaciones vulnerables.<\/p>\n\n\n\n<p><strong>El fracaso del modelo prohibicionista<\/strong><\/p>\n\n\n\n<p>Durante d\u00e9cadas, la guerra contra las drogas ha sido el pilar de muchas pol\u00edticas estatales, justificando la militarizaci\u00f3n, el encarcelamiento masivo y la marginaci\u00f3n de comunidades enteras. Sin embargo, los datos son claros: esta guerra no ha reducido el consumo, ni ha mejorado la seguridad. Por el contrario, ha intensificado la violencia, la corrupci\u00f3n y las desigualdades estructurales. Frente a este panorama, la descriminalizaci\u00f3n surge como una respuesta necesaria, aunque no suficiente por s\u00ed sola.<\/p>\n\n\n\n<p>Impactos sociales de la despenalizaci\u00f3n<\/p>\n\n\n\n<p>La descriminalizaci\u00f3n puede tener efectos positivos importantes:<\/p>\n\n\n\n<ul class=\"wp-block-list\">\n<li>Disminuci\u00f3n del encarcelamiento por delitos menores<br><\/li>\n\n\n\n<li>Reducci\u00f3n del estigma social sobre las personas usuarias<br><\/li>\n\n\n\n<li>Reorientaci\u00f3n de recursos policiales hacia delitos m\u00e1s graves<br><\/li>\n\n\n\n<li>Mejora del acceso a los servicios de salud y reducci\u00f3n de los da\u00f1os<strong><br><\/strong><\/li>\n<\/ul>\n\n\n\n<p>No obstante, estos beneficios s\u00f3lo se concretan plenamente si van acompa\u00f1ados de pol\u00edticas p\u00fablicas integrales, que incluyan educaci\u00f3n, atenci\u00f3n sanitaria, apoyo comunitario y reparaci\u00f3n hist\u00f3rica a las poblaciones m\u00e1s afectadas.<\/p>\n\n\n\n<p><strong>La justicia social en el centro del debate<\/strong><\/p>\n\n\n\n<p>Uno de los principales argumentos a favor de la descriminalizaci\u00f3n es la necesidad de justicia social. En muchas regiones, especialmente en Am\u00e9rica Latina, la represi\u00f3n por drogas ha sido selectiva y racializada. Personas negras, ind\u00edgenas y pobres han sido las m\u00e1s perseguidas y criminalizadas. La descriminalizaci\u00f3n, entonces, debe estar acompa\u00f1ada de medidas que reconozcan y reparen estos da\u00f1os hist\u00f3ricos, como la eliminaci\u00f3n de antecedentes penales, la libertad para presos por delitos leves de cannabis y la inclusi\u00f3n de estas comunidades en el nuevo mercado legal.<\/p>\n\n\n\n<p><strong>Los l\u00edmites de la descriminalizaci\u00f3n sin regulaci\u00f3n<\/strong><\/p>\n\n\n\n<p>Si bien descriminalizar es un paso adelante, no basta para acabar con el narcotr\u00e1fico ni con los problemas estructurales que lo sustentan. Sin una regulaci\u00f3n justa, el mercado sigue en manos del crimen organizado y el acceso al cannabis sigue siendo desigual y peligroso. Por eso, muchos activistas abogan por un modelo de legalizaci\u00f3n con justicia social, que no repita las desigualdades del sistema prohibicionista.<\/p>\n\n\n\n<p><strong>Cannabis y derechos humanos: un enfoque necesario<\/strong><\/p>\n\n\n\n<p>La pol\u00edtica de drogas no puede seguir siendo una cuesti\u00f3n de seguridad p\u00fablica; debe entenderse como una cuesti\u00f3n de derechos humanos. El acceso al cannabis medicinal, la libertad individual sobre el cuerpo y la protecci\u00f3n contra la violencia institucional son temas fundamentales. En este sentido, descriminalizar es solo el primer paso hacia un enfoque m\u00e1s humano, inclusivo y racional.<\/p>\n\n\n\n<p><strong>Conclusi\u00f3n: hacia una nueva pol\u00edtica de drogas<\/strong><\/p>\n\n\n\n<p>La descriminalizaci\u00f3n del cannabis no es una soluci\u00f3n m\u00e1gica, pero puede ser una poderosa herramienta de transformaci\u00f3n si est\u00e1 acompa\u00f1ada por una mirada cr\u00edtica y comprometida. M\u00e1s que cambiar leyes, necesitamos cambiar mentalidades, desmontar prejuicios y construir pol\u00edticas que realmente protejan a las personas. El camino hacia una pol\u00edtica de drogas justa y eficaz no ser\u00e1 f\u00e1cil, pero es posible. Y empieza con la voluntad colectiva de dejar de castigar y empezar a cuidar.<\/p>","protected":false},"excerpt":{"rendered":"<p>Introducci\u00f3n: un debate m\u00e1s all\u00e1 del consumo Hablar de cannabis ya no es s\u00f3lo hablar de una planta o de su consumo recreativo o terap\u00e9utico. Hoy, el debate en torno a su descriminalizaci\u00f3n abre una puerta mucho m\u00e1s profunda: la necesidad urgente de repensar la pol\u00edtica de drogas a nivel global. En este contexto, la... <a class=\"more-link\" href=\"https:\/\/420collectivemadrid.com\/es\/descriminalizacion-del-cannabis-una-transformacion-real-en-la-politica-de-drogas\/\">Seguir leyendo <span class=\"screen-reader-text\">Descriminalizaci\u00f3n del cannabis: \u00bfuna transformaci\u00f3n real en la pol\u00edtica de drogas?<\/span><\/a><\/p>","protected":false},"author":2,"featured_media":1423,"comment_status":"open","ping_status":"open","sticky":false,"template":"","format":"standard","meta":{"om_disable_all_campaigns":false,"footnotes":""},"categories":[1],"tags":[],"class_list":["post-1422","post","type-post","status-publish","format-standard","has-post-thumbnail","hentry","category-blog","entry"],"_links":{"self":[{"href":"https:\/\/420collectivemadrid.com\/es\/wp-json\/wp\/v2\/posts\/1422","targetHints":{"allow":["GET"]}}],"collection":[{"href":"https:\/\/420collectivemadrid.com\/es\/wp-json\/wp\/v2\/posts"}],"about":[{"href":"https:\/\/420collectivemadrid.com\/es\/wp-json\/wp\/v2\/types\/post"}],"author":[{"embeddable":true,"href":"https:\/\/420collectivemadrid.com\/es\/wp-json\/wp\/v2\/users\/2"}],"replies":[{"embeddable":true,"href":"https:\/\/420collectivemadrid.com\/es\/wp-json\/wp\/v2\/comments?post=1422"}],"version-history":[{"count":1,"href":"https:\/\/420collectivemadrid.com\/es\/wp-json\/wp\/v2\/posts\/1422\/revisions"}],"predecessor-version":[{"id":1424,"href":"https:\/\/420collectivemadrid.com\/es\/wp-json\/wp\/v2\/posts\/1422\/revisions\/1424"}],"wp:featuredmedia":[{"embeddable":true,"href":"https:\/\/420collectivemadrid.com\/es\/wp-json\/wp\/v2\/media\/1423"}],"wp:attachment":[{"href":"https:\/\/420collectivemadrid.com\/es\/wp-json\/wp\/v2\/media?parent=1422"}],"wp:term":[{"taxonomy":"category","embeddable":true,"href":"https:\/\/420collectivemadrid.com\/es\/wp-json\/wp\/v2\/categories?post=1422"},{"taxonomy":"post_tag","embeddable":true,"href":"https:\/\/420collectivemadrid.com\/es\/wp-json\/wp\/v2\/tags?post=1422"}],"curies":[{"name":"wp","href":"https:\/\/api.w.org\/{rel}","templated":true}]}}