{"id":1431,"date":"2025-09-05T13:30:30","date_gmt":"2025-09-05T13:30:30","guid":{"rendered":"https:\/\/420collectivemadrid.com\/?p=1431"},"modified":"2025-09-05T13:30:33","modified_gmt":"2025-09-05T13:30:33","slug":"educacion-y-cannabis-lo-que-estudiantes-y-educadores-necesitan-saber","status":"publish","type":"post","link":"https:\/\/420collectivemadrid.com\/es\/educacion-y-cannabis-lo-que-estudiantes-y-educadores-necesitan-saber\/","title":{"rendered":"Educaci\u00f3n y Cannabis: Lo Que Estudiantes y Educadores Necesitan Saber"},"content":{"rendered":"<h2 class=\"wp-block-heading\"><strong>Una nueva tem\u00e1tica en el coraz\u00f3n de la educaci\u00f3n cr\u00edtica<\/strong><\/h2>\n\n\n\n<p>El debate sobre la cannabis ya no se limita a la esfera pol\u00edtica o m\u00e9dica. Cada vez m\u00e1s, esta planta aparece como un tema fundamental dentro de la educaci\u00f3n. Estudiantes y educadores se enfrentan a la necesidad de repensar los conocimientos heredados, los estigmas transmitidos y las nuevas evidencias cient\u00edficas que surgen d\u00eda a d\u00eda. En este sentido, la cannabis se convierte en una herramienta pedag\u00f3gica que abre puertas hacia la reflexi\u00f3n cr\u00edtica y hacia una educaci\u00f3n m\u00e1s conectada con la realidad social.<\/p>\n\n\n\n<h2 class=\"wp-block-heading\"><strong>Cannabis como objeto de conocimiento emancipador<\/strong><\/h2>\n\n\n\n<p>Desde la perspectiva de la <strong>pedagog\u00eda cr\u00edtica<\/strong> de Paulo Freire, educar no significa transferir informaci\u00f3n, sino generar conciencia. La cannabis, cuando se introduce en el aula, permite a los estudiantes cuestionar los discursos oficiales, problematizar la historia del prohibicionismo y analizar c\u00f3mo las pol\u00edticas de drogas impactan en las comunidades m\u00e1s vulnerables. De esta manera, el conocimiento deja de ser pasivo y se transforma en un acto de emancipaci\u00f3n: los alumnos no solo aprenden sobre la planta, sino tambi\u00e9n sobre las estructuras de poder que determinaron su estigmatizaci\u00f3n.<\/p>\n\n\n\n<h2 class=\"wp-block-heading\"><strong>La importancia de contextualizar el aprendizaje<\/strong><\/h2>\n\n\n\n<p>Uno de los principios de la educaci\u00f3n cr\u00edtica es que el conocimiento debe partir de la realidad concreta de los estudiantes. En muchos pa\u00edses de Am\u00e9rica Latina y Europa, los j\u00f3venes conviven con narrativas contradictorias sobre la cannabis: por un lado, discursos prohibicionistas; por otro, una creciente ola de legalizaci\u00f3n y aceptaci\u00f3n social. Los educadores tienen la tarea de guiar a los estudiantes para analizar estas tensiones, confrontar los mitos con la evidencia cient\u00edfica y construir un saber colectivo que dialogue con su contexto.<\/p>\n\n\n\n<h2 class=\"wp-block-heading\"><strong>Estudiantes como sujetos activos de la educaci\u00f3n<\/strong><\/h2>\n\n\n\n<p>La pedagog\u00eda cr\u00edtica sostiene que los estudiantes no son recipientes vac\u00edos que deben llenarse de informaci\u00f3n, sino <strong>sujetos hist\u00f3ricos<\/strong> capaces de transformar la realidad. Al discutir la cannabis en el aula, los j\u00f3venes ejercen ese papel activo: investigan, preguntan, debaten y producen conocimiento propio. Asociaciones estudiantiles en pa\u00edses como M\u00e9xico, Chile y Argentina han impulsado jornadas educativas sobre cannabis medicinal, demostrando que el aprendizaje se construye en comunidad y no se limita al espacio formal de la clase.<\/p>\n\n\n\n<h2 class=\"wp-block-heading\"><strong>Profesores como facilitadores del di\u00e1logo<\/strong><\/h2>\n\n\n\n<p>El rol del profesor tambi\u00e9n se transforma frente a este tema. En lugar de adoptar una postura autoritaria o moralista, el educador se convierte en mediador y facilitador del di\u00e1logo. Inspirado en la <strong>educaci\u00f3n dial\u00f3gica<\/strong> de Freire, su funci\u00f3n es abrir preguntas, escuchar las experiencias de los alumnos y guiar la reflexi\u00f3n colectiva. La cannabis, en este sentido, es un ejemplo concreto de c\u00f3mo un tema social puede ser trabajado pedag\u00f3gicamente para desarrollar habilidades cr\u00edticas y fomentar la participaci\u00f3n democr\u00e1tica.<\/p>\n\n\n\n<h2 class=\"wp-block-heading\"><strong>Un conocimiento interdisciplinario y plural<\/strong><\/h2>\n\n\n\n<p>La educaci\u00f3n sobre cannabis no puede reducirse a una sola \u00e1rea del saber. Su an\u00e1lisis exige un enfoque interdisciplinario:<\/p>\n\n\n\n<ul class=\"wp-block-list\">\n<li><strong>Ciencias naturales<\/strong>, para entender la biolog\u00eda de la planta y el sistema endocannabinoide.<br><\/li>\n\n\n\n<li><strong>Historia y antropolog\u00eda<\/strong>, para comprender su presencia en culturas ancestrales.<br><\/li>\n\n\n\n<li><strong>Sociolog\u00eda y derecho<\/strong>, para analizar los efectos del prohibicionismo y las pol\u00edticas p\u00fablicas.<br><\/li>\n\n\n\n<li><strong>Filosof\u00eda y \u00e9tica<\/strong>, para debatir sobre la libertad, la responsabilidad y la justicia social.<br><\/li>\n<\/ul>\n\n\n\n<p>Esta pluralidad de perspectivas enriquece el aprendizaje y fortalece la capacidad de los estudiantes para pensar de manera cr\u00edtica y compleja.<\/p>\n\n\n\n<h2 class=\"wp-block-heading\"><strong>Educaci\u00f3n como herramienta contra los estigmas<\/strong><\/h2>\n\n\n\n<p>El prohibicionismo construy\u00f3 un imaginario negativo alrededor de la cannabis, asoci\u00e1ndola con criminalidad y desviaci\u00f3n social. Al introducir el tema en el aula, se abre la posibilidad de <strong>desmitificar<\/strong> estos discursos y reemplazarlos por an\u00e1lisis basados en evidencia. Esto no significa idealizar la planta, sino abordarla con responsabilidad, mostrando tanto riesgos como beneficios. La educaci\u00f3n, en este contexto, act\u00faa como una herramienta de liberaci\u00f3n cultural, capaz de cuestionar narrativas impuestas y promover una mirada m\u00e1s justa.<\/p>\n\n\n\n<h2 class=\"wp-block-heading\"><strong>Mirando hacia el futuro: una educaci\u00f3n transformadora<\/strong><\/h2>\n\n\n\n<p>El futuro de la educaci\u00f3n sobre cannabis depender\u00e1 de la capacidad de las instituciones para asumir el desaf\u00edo de ense\u00f1ar de manera cr\u00edtica y emancipadora. No basta con transmitir informaci\u00f3n t\u00e9cnica: es necesario formar ciudadanos conscientes, capaces de reflexionar sobre las estructuras sociales y de participar activamente en la construcci\u00f3n de un mundo m\u00e1s justo.<\/p>\n\n\n\n<p>La cannabis, al ser discutida en este marco, se convierte en un s\u00edmbolo del poder de la educaci\u00f3n para transformar realidades. Tal como planteaba Paulo Freire, \u201cnadie educa a nadie, nadie se educa a s\u00ed mismo, los hombres se educan entre s\u00ed, mediatizados por el mundo\u201d. La planta, mediatizada por la historia, la ciencia y la pol\u00edtica, se vuelve as\u00ed un instrumento para repensar la educaci\u00f3n y fortalecer la conciencia cr\u00edtica de toda una generaci\u00f3n.<\/p>","protected":false},"excerpt":{"rendered":"<p>Una nueva tem\u00e1tica en el coraz\u00f3n de la educaci\u00f3n cr\u00edtica El debate sobre la cannabis ya no se limita a la esfera pol\u00edtica o m\u00e9dica. Cada vez m\u00e1s, esta planta aparece como un tema fundamental dentro de la educaci\u00f3n. Estudiantes y educadores se enfrentan a la necesidad de repensar los conocimientos heredados, los estigmas transmitidos&hellip; <a class=\"more-link\" href=\"https:\/\/420collectivemadrid.com\/es\/educacion-y-cannabis-lo-que-estudiantes-y-educadores-necesitan-saber\/\">Seguir leyendo <span class=\"screen-reader-text\">Educaci\u00f3n y Cannabis: Lo Que Estudiantes y Educadores Necesitan Saber<\/span><\/a><\/p>","protected":false},"author":2,"featured_media":1432,"comment_status":"open","ping_status":"open","sticky":false,"template":"","format":"standard","meta":{"om_disable_all_campaigns":false,"footnotes":""},"categories":[1],"tags":[],"class_list":["post-1431","post","type-post","status-publish","format-standard","has-post-thumbnail","hentry","category-blog","entry"],"_links":{"self":[{"href":"https:\/\/420collectivemadrid.com\/es\/wp-json\/wp\/v2\/posts\/1431","targetHints":{"allow":["GET"]}}],"collection":[{"href":"https:\/\/420collectivemadrid.com\/es\/wp-json\/wp\/v2\/posts"}],"about":[{"href":"https:\/\/420collectivemadrid.com\/es\/wp-json\/wp\/v2\/types\/post"}],"author":[{"embeddable":true,"href":"https:\/\/420collectivemadrid.com\/es\/wp-json\/wp\/v2\/users\/2"}],"replies":[{"embeddable":true,"href":"https:\/\/420collectivemadrid.com\/es\/wp-json\/wp\/v2\/comments?post=1431"}],"version-history":[{"count":1,"href":"https:\/\/420collectivemadrid.com\/es\/wp-json\/wp\/v2\/posts\/1431\/revisions"}],"predecessor-version":[{"id":1433,"href":"https:\/\/420collectivemadrid.com\/es\/wp-json\/wp\/v2\/posts\/1431\/revisions\/1433"}],"wp:featuredmedia":[{"embeddable":true,"href":"https:\/\/420collectivemadrid.com\/es\/wp-json\/wp\/v2\/media\/1432"}],"wp:attachment":[{"href":"https:\/\/420collectivemadrid.com\/es\/wp-json\/wp\/v2\/media?parent=1431"}],"wp:term":[{"taxonomy":"category","embeddable":true,"href":"https:\/\/420collectivemadrid.com\/es\/wp-json\/wp\/v2\/categories?post=1431"},{"taxonomy":"post_tag","embeddable":true,"href":"https:\/\/420collectivemadrid.com\/es\/wp-json\/wp\/v2\/tags?post=1431"}],"curies":[{"name":"wp","href":"https:\/\/api.w.org\/{rel}","templated":true}]}}