{"id":1469,"date":"2025-10-21T17:04:30","date_gmt":"2025-10-21T17:04:30","guid":{"rendered":"https:\/\/420collectivemadrid.com\/?p=1469"},"modified":"2025-10-21T17:04:32","modified_gmt":"2025-10-21T17:04:32","slug":"madrid-despierta-al-verde-la-revolucion-del-bienestar-canabico","status":"publish","type":"post","link":"https:\/\/420collectivemadrid.com\/es\/madrid-despierta-al-verde-la-revolucion-del-bienestar-canabico\/","title":{"rendered":"Madrid Despierta al Verde: La Revoluci\u00f3n del Bienestar Can\u00e1bico"},"content":{"rendered":"<p>En el coraz\u00f3n de Espa\u00f1a, algo est\u00e1 cambiando. Madrid, la ciudad que nunca duerme, comienza a respirar un nuevo aire, m\u00e1s fresco, m\u00e1s libre y m\u00e1s consciente. El movimiento can\u00e1bico est\u00e1 dejando atr\u00e1s los prejuicios para convertirse en una expresi\u00f3n moderna de bienestar, creatividad y equilibrio. La capital vive una transformaci\u00f3n silenciosa, pero imparable: la revoluci\u00f3n del bienestar can\u00e1bico.<\/p>\n\n\n\n<h3 class=\"wp-block-heading\"><strong>Una Nueva Mirada hacia el Bienestar<\/strong><\/h3>\n\n\n\n<p>Durante a\u00f1os, la palabra cannabis fue sin\u00f3nimo de tab\u00fa. Hoy, en cambio, est\u00e1 vinculada al autocuidado, a la b\u00fasqueda de armon\u00eda entre cuerpo y mente. En Madrid, cada vez m\u00e1s personas descubren que el bienestar no depende solo del ritmo acelerado de la vida urbana, sino tambi\u00e9n de espacios de pausa, introspecci\u00f3n y conexi\u00f3n con la naturaleza.<br>La cultura can\u00e1bica emerge como un s\u00edmbolo de ese cambio. No se trata solo de consumo, sino de una filosof\u00eda de vida que promueve la conciencia, la creatividad y el respeto por uno mismo y por el entorno.<\/p>\n\n\n\n<h3 class=\"wp-block-heading\"><strong>El Despertar de una Cultura Verde<\/strong><\/h3>\n\n\n\n<p>Madrid se ha convertido en un punto de encuentro para quienes creen en un estilo de vida m\u00e1s natural y sostenible. Clubes sociales can\u00e1bicos, artistas urbanos, terapeutas y emprendedores verdes est\u00e1n tejiendo una red de nuevas ideas que giran en torno a la planta y sus infinitas posibilidades.<br>Eventos culturales, ferias alternativas y espacios de conversaci\u00f3n muestran c\u00f3mo la cannabis se integra de forma org\u00e1nica en la vida madrile\u00f1a, impulsando una corriente que combina bienestar, arte y sostenibilidad.<\/p>\n\n\n\n<h3 class=\"wp-block-heading\"><strong>Cannabis y Consciencia: M\u00e1s All\u00e1 del Consumo<\/strong><\/h3>\n\n\n\n<p>La revoluci\u00f3n verde no se basa en la cantidad, sino en la calidad de la experiencia. Cada vez m\u00e1s personas buscan entender la planta, su historia, su relaci\u00f3n con el cuerpo y su papel en la espiritualidad moderna.<br>En los barrios m\u00e1s alternativos de Madrid, surgen comunidades que hablan de microdosis, de meditaci\u00f3n guiada con cannabis, de gastronom\u00eda verde y de terapias naturales. Estas pr\u00e1cticas invitan a repensar la relaci\u00f3n que tenemos con el placer, la calma y la mente consciente.<\/p>\n\n\n\n<h3 class=\"wp-block-heading\"><strong>Arte, Creatividad y Expresi\u00f3n Verde<\/strong><\/h3>\n\n\n\n<p>El esp\u00edritu madrile\u00f1o siempre ha sido rebelde, art\u00edstico y libre. No es casualidad que la cultura can\u00e1bica haya encontrado aqu\u00ed un terreno f\u00e9rtil para florecer. En las calles, el arte urbano se ti\u00f1e de tonos verdes, y en los talleres creativos, el cannabis se convierte en musa.<br>M\u00fasicos, pintores y escritores madrile\u00f1os utilizan la planta como fuente de inspiraci\u00f3n, como catalizador de nuevas ideas y perspectivas. As\u00ed, la revoluci\u00f3n verde se refleja en la expresi\u00f3n art\u00edstica, record\u00e1ndonos que el bienestar tambi\u00e9n nace de la creatividad.<\/p>\n\n\n\n<h3 class=\"wp-block-heading\"><strong>Madrid Verde: Un Futuro Sostenible<\/strong><\/h3>\n\n\n\n<p>La conciencia ecol\u00f3gica est\u00e1 ganando fuerza en la capital, y el movimiento can\u00e1bico juega un papel clave en esta transformaci\u00f3n. Cultivos sostenibles, productos ecol\u00f3gicos y emprendimientos verdes est\u00e1n mostrando que el cannabis puede ser parte de un futuro m\u00e1s responsable y equilibrado.<br>La conexi\u00f3n entre el bienestar personal y el bienestar del planeta nunca fue tan evidente. Madrid despierta al verde no solo por la planta, sino por todo un cambio de mentalidad que invita a vivir con m\u00e1s respeto, calma y autenticidad.<\/p>\n\n\n\n<p><strong>Conclusi\u00f3n: Una Ciudad que Respira Verde<\/strong><\/p>\n\n\n\n<p>Madrid ya no mira al cannabis con miedo, sino con curiosidad. Esta nueva ola verde est\u00e1 cambiando la manera en que sus habitantes entienden la salud, la creatividad y la libertad.<br>El bienestar can\u00e1bico no es una moda, es un movimiento que redefine la forma en que vivimos, respiramos y compartimos el mundo. Y en esta historia, Madrid no solo observa: Madrid lidera.<\/p>","protected":false},"excerpt":{"rendered":"<p>En el coraz\u00f3n de Espa\u00f1a, algo est\u00e1 cambiando. Madrid, la ciudad que nunca duerme, comienza a respirar un nuevo aire, m\u00e1s fresco, m\u00e1s libre y m\u00e1s consciente. El movimiento can\u00e1bico est\u00e1 dejando atr\u00e1s los prejuicios para convertirse en una expresi\u00f3n moderna de bienestar, creatividad y equilibrio. La capital vive una transformaci\u00f3n silenciosa, pero imparable: la&hellip; <a class=\"more-link\" href=\"https:\/\/420collectivemadrid.com\/es\/madrid-despierta-al-verde-la-revolucion-del-bienestar-canabico\/\">Seguir leyendo <span class=\"screen-reader-text\">Madrid Despierta al Verde: La Revoluci\u00f3n del Bienestar Can\u00e1bico<\/span><\/a><\/p>","protected":false},"author":2,"featured_media":1470,"comment_status":"open","ping_status":"open","sticky":false,"template":"","format":"standard","meta":{"om_disable_all_campaigns":false,"footnotes":""},"categories":[1],"tags":[],"class_list":["post-1469","post","type-post","status-publish","format-standard","has-post-thumbnail","hentry","category-blog","entry"],"_links":{"self":[{"href":"https:\/\/420collectivemadrid.com\/es\/wp-json\/wp\/v2\/posts\/1469","targetHints":{"allow":["GET"]}}],"collection":[{"href":"https:\/\/420collectivemadrid.com\/es\/wp-json\/wp\/v2\/posts"}],"about":[{"href":"https:\/\/420collectivemadrid.com\/es\/wp-json\/wp\/v2\/types\/post"}],"author":[{"embeddable":true,"href":"https:\/\/420collectivemadrid.com\/es\/wp-json\/wp\/v2\/users\/2"}],"replies":[{"embeddable":true,"href":"https:\/\/420collectivemadrid.com\/es\/wp-json\/wp\/v2\/comments?post=1469"}],"version-history":[{"count":1,"href":"https:\/\/420collectivemadrid.com\/es\/wp-json\/wp\/v2\/posts\/1469\/revisions"}],"predecessor-version":[{"id":1471,"href":"https:\/\/420collectivemadrid.com\/es\/wp-json\/wp\/v2\/posts\/1469\/revisions\/1471"}],"wp:featuredmedia":[{"embeddable":true,"href":"https:\/\/420collectivemadrid.com\/es\/wp-json\/wp\/v2\/media\/1470"}],"wp:attachment":[{"href":"https:\/\/420collectivemadrid.com\/es\/wp-json\/wp\/v2\/media?parent=1469"}],"wp:term":[{"taxonomy":"category","embeddable":true,"href":"https:\/\/420collectivemadrid.com\/es\/wp-json\/wp\/v2\/categories?post=1469"},{"taxonomy":"post_tag","embeddable":true,"href":"https:\/\/420collectivemadrid.com\/es\/wp-json\/wp\/v2\/tags?post=1469"}],"curies":[{"name":"wp","href":"https:\/\/api.w.org\/{rel}","templated":true}]}}